{"id":628,"date":"2022-04-07T14:55:39","date_gmt":"2022-04-07T18:55:39","guid":{"rendered":"https:\/\/togetherottawaensemble.ca\/announcing-together-ottawa-ensemble\/"},"modified":"2022-05-27T15:11:22","modified_gmt":"2022-05-27T19:11:22","slug":"annonce-de-together-ottawa-ensemble","status":"publish","type":"post","link":"https:\/\/togetherottawaensemble.ca\/fr\/annonce-de-together-ottawa-ensemble\/","title":{"rendered":"Annonce de Together Ottawa Ensemble!"},"content":{"rendered":"<div class=\"fusion-fullwidth fullwidth-box fusion-builder-row-1 fusion-flex-container nonhundred-percent-fullwidth non-hundred-percent-height-scrolling\" style=\"background-color: rgba(255,255,255,0);background-position: center center;background-repeat: no-repeat;border-width: 0px 0px 0px 0px;border-color:var(--awb-color3);border-style:solid;\" ><div class=\"fusion-builder-row fusion-row fusion-flex-align-items-flex-start\" style=\"max-width:1248px;margin-left: calc(-4% \/ 2 );margin-right: calc(-4% \/ 2 );\"><div class=\"fusion-layout-column fusion_builder_column fusion-builder-column-0 fusion_builder_column_1_1 1_1 fusion-flex-column\"><div class=\"fusion-column-wrapper fusion-flex-justify-content-flex-start fusion-content-layout-column\" style=\"background-position:left top;background-repeat:no-repeat;-webkit-background-size:cover;-moz-background-size:cover;-o-background-size:cover;background-size:cover;padding: 0px 0px 0px 0px;\"><div style=\"text-align:center;\"><span class=\" fusion-imageframe imageframe-none imageframe-1 hover-type-none\"><img decoding=\"async\" width=\"300\" height=\"270\" title=\"istockphoto-1310718609-2048&#215;2048-edit2\" src=\"https:\/\/togetherottawaensemble.ca\/wp-content\/uploads\/2022\/01\/istockphoto-1310718609-2048x2048-edit2-300x270.png\" alt class=\"img-responsive wp-image-199\" srcset=\"https:\/\/togetherottawaensemble.ca\/wp-content\/uploads\/2022\/01\/istockphoto-1310718609-2048x2048-edit2-200x180.png 200w, https:\/\/togetherottawaensemble.ca\/wp-content\/uploads\/2022\/01\/istockphoto-1310718609-2048x2048-edit2-400x360.png 400w, https:\/\/togetherottawaensemble.ca\/wp-content\/uploads\/2022\/01\/istockphoto-1310718609-2048x2048-edit2-600x540.png 600w, https:\/\/togetherottawaensemble.ca\/wp-content\/uploads\/2022\/01\/istockphoto-1310718609-2048x2048-edit2-800x720.png 800w, https:\/\/togetherottawaensemble.ca\/wp-content\/uploads\/2022\/01\/istockphoto-1310718609-2048x2048-edit2-1200x1080.png 1200w, https:\/\/togetherottawaensemble.ca\/wp-content\/uploads\/2022\/01\/istockphoto-1310718609-2048x2048-edit2.png 1460w\" sizes=\"(max-width: 640px) 100vw, 1200px\" \/><\/span><\/div><div class=\"fusion-text fusion-text-1\"><p><em>Together Ottawa Ensemble<\/em>\u00a0encourage les r\u00e9sidents d\u2019Ottawa \u00e0 reconna\u00eetre o\u00f9 ils en sont. Faisons de la place pour ce que nous ressentons, qu\u2019il s\u2019agisse du besoin de faire son deuil, de l\u2019envie de ressentir de la joie ou de l\u2019espoir de renouer avec les gens. Et, certains jours, tout cela \u00e0 la fois.<\/p>\n<p>Les r\u00e9sidents d\u2019Ottawa sont invit\u00e9s \u00e0 organiser des activit\u00e9s, petites et grandes, pour notre communaut\u00e9. Une activit\u00e9 qui vous convient. Qu\u2019il s\u2019agisse d\u2019un pique-nique communautaire, de breakdance, d\u2019un spectacle de drag sur une terrasse, d\u2019un atelier de cr\u00e9ation artistique en ligne, d\u2019une table ronde sur les communaut\u00e9s touch\u00e9es de fa\u00e7on disproportionn\u00e9e, ou d\u2019une veill\u00e9e interconfessionnelle en l\u2019honneur de ceux que nous avons perdus.<\/p>\n<p>Nous vous fournissons des conseils de planification pour vous aider \u00e0 organiser une activit\u00e9, et un site Web pour l\u2019annoncer.<\/p>\n<p>Planifiez votre activit\u00e9 pour qu\u2019elle ait lieu entre le samedi\u00a011\u00a0juin et le dimanche 26\u00a0juin\u00a02022. Ajoutez-le au site Web\u00a0<a href=\"https:\/\/togetherottawaensemble.ca\/fr\" target=\"_blank\" rel=\"noopener\">https:\/\/togetherottawaensemble.ca\/fr<\/a>\u00a0pour inviter notre ville ou seulement votre communaut\u00e9. C\u2019est dans deux mois et ensemble, nous pouvons le faire !<\/p>\n<p>Aidez-nous \u00e0 susciter l\u2019enthousiasme ! Diffusez l\u2019\u0153uvre par l\u2019entremise de vos listes de courriels, des m\u00e9dias sociaux, des groupes communautaires et plus encore. Suivez-nous et marquez-nous (sur\u00a0<a href=\"https:\/\/www.facebook.com\/TogetherOttawaEnsemble\" target=\"_blank\" rel=\"noopener\">Facebook\u00a0<\/a><a href=\"https:\/\/www.facebook.com\/TogetherOttawaEnsemble\" target=\"_blank\" rel=\"noopener\">(@TogetherOttawaEnsemble<\/a>,\u00a0<a href=\"https:\/\/www.instagram.com\/togetherottawaensemble\/\" target=\"_blank\" rel=\"noopener\">Instagram\u00a0<\/a><a href=\"https:\/\/www.instagram.com\/togetherottawaensemble\/\" target=\"_blank\" rel=\"noopener\">@TogetherOttawaEnsemble<\/a>, et\u00a0<a href=\"https:\/\/twitter.com\/TogetherOttawa\" target=\"_blank\" rel=\"noopener\">Twitter\u00a0<\/a><a href=\"https:\/\/twitter.com\/TogetherOttawa\" target=\"_blank\" rel=\"noopener\">@TogetherOttawa<\/a>) et utilisez le mot-clic #TOE2022 afin que nous puissions voir et partager votre promotion pr\u00e9alable de l\u2019activit\u00e9 et des photos pendant qu\u2019elle a lieu.<\/p>\n<p><em>Together Ottawa Ensemble<\/em>\u00a0a \u00e9t\u00e9 cr\u00e9\u00e9 par\u00a0<a href=\"https:\/\/compassionateottawa.ca\/fr\/\">Compassion Ottawa<\/a>.<\/p>\n<\/div><\/div><style type=\"text\/css\">.fusion-body .fusion-builder-column-0{width:100% !important;margin-top : 0px;margin-bottom : 0px;}.fusion-builder-column-0 > .fusion-column-wrapper {padding-top : 0px !important;padding-right : 0px !important;margin-right : 1.92%;padding-bottom : 0px !important;padding-left : 0px !important;margin-left : 1.92%;}@media only screen and (max-width:1024px) {.fusion-body .fusion-builder-column-0{width:100% !important;}.fusion-builder-column-0 > .fusion-column-wrapper {margin-right : 1.92%;margin-left : 1.92%;}}@media only screen and (max-width:640px) {.fusion-body .fusion-builder-column-0{width:100% !important;}.fusion-builder-column-0 > .fusion-column-wrapper {margin-right : 1.92%;margin-left : 1.92%;}}<\/style><\/div><\/div><style type=\"text\/css\">.fusion-body .fusion-flex-container.fusion-builder-row-1{ padding-top : 0px;margin-top : 0px;padding-right : 0px;padding-bottom : 0px;margin-bottom : 0px;padding-left : 0px;}<\/style><\/div>\n","protected":false},"excerpt":{"rendered":"","protected":false},"author":2,"featured_media":199,"comment_status":"open","ping_status":"closed","sticky":false,"template":"","format":"standard","meta":{"footnotes":""},"categories":[29],"tags":[],"class_list":["post-628","post","type-post","status-publish","format-standard","has-post-thumbnail","hentry","category-annonces"],"acf":[],"yoast_head":"<!-- This site is optimized with the Yoast SEO plugin v27.4 - https:\/\/yoast.com\/product\/yoast-seo-wordpress\/ -->\n<title>Annonce de Together Ottawa Ensemble! - Together Ottawa Ensemble<\/title>\n<meta name=\"robots\" content=\"index, follow, max-snippet:-1, max-image-preview:large, max-video-preview:-1\" \/>\n<link rel=\"canonical\" href=\"https:\/\/togetherottawaensemble.ca\/fr\/annonce-de-together-ottawa-ensemble\/\" \/>\n<meta property=\"og:locale\" content=\"fr_FR\" \/>\n<meta property=\"og:type\" content=\"article\" \/>\n<meta property=\"og:title\" content=\"Annonce de Together Ottawa Ensemble! - Together Ottawa Ensemble\" \/>\n<meta property=\"og:url\" content=\"https:\/\/togetherottawaensemble.ca\/fr\/annonce-de-together-ottawa-ensemble\/\" \/>\n<meta property=\"og:site_name\" content=\"Together Ottawa Ensemble\" \/>\n<meta property=\"article:publisher\" content=\"https:\/\/www.facebook.com\/Togetherottawaensemble-106424122008194\" \/>\n<meta property=\"article:published_time\" content=\"2022-04-07T18:55:39+00:00\" \/>\n<meta property=\"article:modified_time\" content=\"2022-05-27T19:11:22+00:00\" \/>\n<meta name=\"author\" content=\"DevAdmin\" \/>\n<meta name=\"twitter:card\" content=\"summary_large_image\" \/>\n<meta name=\"twitter:creator\" content=\"@OttawaEnsemble\" \/>\n<meta name=\"twitter:site\" content=\"@OttawaEnsemble\" \/>\n<meta name=\"twitter:label1\" content=\"\u00c9crit par\" \/>\n\t<meta name=\"twitter:data1\" content=\"DevAdmin\" \/>\n\t<meta name=\"twitter:label2\" content=\"Dur\u00e9e de lecture estim\u00e9e\" \/>\n\t<meta name=\"twitter:data2\" content=\"1 minute\" \/>\n<script type=\"application\/ld+json\" class=\"yoast-schema-graph\">{\"@context\":\"https:\\\/\\\/schema.org\",\"@graph\":[{\"@type\":\"Article\",\"@id\":\"https:\\\/\\\/togetherottawaensemble.ca\\\/fr\\\/annonce-de-together-ottawa-ensemble\\\/#article\",\"isPartOf\":{\"@id\":\"https:\\\/\\\/togetherottawaensemble.ca\\\/fr\\\/annonce-de-together-ottawa-ensemble\\\/\"},\"author\":{\"name\":\"DevAdmin\",\"@id\":\"https:\\\/\\\/togetherottawaensemble.ca\\\/fr\\\/#\\\/schema\\\/person\\\/08e288458dce8b0f98e09ccba461cfd8\"},\"headline\":\"Annonce de Together Ottawa Ensemble!\",\"datePublished\":\"2022-04-07T18:55:39+00:00\",\"dateModified\":\"2022-05-27T19:11:22+00:00\",\"mainEntityOfPage\":{\"@id\":\"https:\\\/\\\/togetherottawaensemble.ca\\\/fr\\\/annonce-de-together-ottawa-ensemble\\\/\"},\"wordCount\":533,\"commentCount\":0,\"publisher\":{\"@id\":\"https:\\\/\\\/togetherottawaensemble.ca\\\/fr\\\/#organization\"},\"image\":{\"@id\":\"https:\\\/\\\/togetherottawaensemble.ca\\\/fr\\\/annonce-de-together-ottawa-ensemble\\\/#primaryimage\"},\"thumbnailUrl\":\"https:\\\/\\\/togetherottawaensemble.ca\\\/wp-content\\\/uploads\\\/2022\\\/01\\\/istockphoto-1310718609-2048x2048-edit2.png\",\"articleSection\":[\"Annonces\"],\"inLanguage\":\"fr-FR\",\"potentialAction\":[{\"@type\":\"CommentAction\",\"name\":\"Comment\",\"target\":[\"https:\\\/\\\/togetherottawaensemble.ca\\\/fr\\\/annonce-de-together-ottawa-ensemble\\\/#respond\"]}]},{\"@type\":\"WebPage\",\"@id\":\"https:\\\/\\\/togetherottawaensemble.ca\\\/fr\\\/annonce-de-together-ottawa-ensemble\\\/\",\"url\":\"https:\\\/\\\/togetherottawaensemble.ca\\\/fr\\\/annonce-de-together-ottawa-ensemble\\\/\",\"name\":\"Annonce de Together Ottawa Ensemble! - Together Ottawa Ensemble\",\"isPartOf\":{\"@id\":\"https:\\\/\\\/togetherottawaensemble.ca\\\/fr\\\/#website\"},\"primaryImageOfPage\":{\"@id\":\"https:\\\/\\\/togetherottawaensemble.ca\\\/fr\\\/annonce-de-together-ottawa-ensemble\\\/#primaryimage\"},\"image\":{\"@id\":\"https:\\\/\\\/togetherottawaensemble.ca\\\/fr\\\/annonce-de-together-ottawa-ensemble\\\/#primaryimage\"},\"thumbnailUrl\":\"https:\\\/\\\/togetherottawaensemble.ca\\\/wp-content\\\/uploads\\\/2022\\\/01\\\/istockphoto-1310718609-2048x2048-edit2.png\",\"datePublished\":\"2022-04-07T18:55:39+00:00\",\"dateModified\":\"2022-05-27T19:11:22+00:00\",\"breadcrumb\":{\"@id\":\"https:\\\/\\\/togetherottawaensemble.ca\\\/fr\\\/annonce-de-together-ottawa-ensemble\\\/#breadcrumb\"},\"inLanguage\":\"fr-FR\",\"potentialAction\":[{\"@type\":\"ReadAction\",\"target\":[\"https:\\\/\\\/togetherottawaensemble.ca\\\/fr\\\/annonce-de-together-ottawa-ensemble\\\/\"]}]},{\"@type\":\"ImageObject\",\"inLanguage\":\"fr-FR\",\"@id\":\"https:\\\/\\\/togetherottawaensemble.ca\\\/fr\\\/annonce-de-together-ottawa-ensemble\\\/#primaryimage\",\"url\":\"https:\\\/\\\/togetherottawaensemble.ca\\\/wp-content\\\/uploads\\\/2022\\\/01\\\/istockphoto-1310718609-2048x2048-edit2.png\",\"contentUrl\":\"https:\\\/\\\/togetherottawaensemble.ca\\\/wp-content\\\/uploads\\\/2022\\\/01\\\/istockphoto-1310718609-2048x2048-edit2.png\",\"width\":1460,\"height\":1314},{\"@type\":\"BreadcrumbList\",\"@id\":\"https:\\\/\\\/togetherottawaensemble.ca\\\/fr\\\/annonce-de-together-ottawa-ensemble\\\/#breadcrumb\",\"itemListElement\":[{\"@type\":\"ListItem\",\"position\":1,\"name\":\"Home\",\"item\":\"https:\\\/\\\/togetherottawaensemble.ca\\\/fr\\\/\"},{\"@type\":\"ListItem\",\"position\":2,\"name\":\"Annonce de Together Ottawa Ensemble!\"}]},{\"@type\":\"WebSite\",\"@id\":\"https:\\\/\\\/togetherottawaensemble.ca\\\/fr\\\/#website\",\"url\":\"https:\\\/\\\/togetherottawaensemble.ca\\\/fr\\\/\",\"name\":\"Together Ottawa Ensemble\",\"description\":\"R\u00e9tablir nos liens communautaires\",\"publisher\":{\"@id\":\"https:\\\/\\\/togetherottawaensemble.ca\\\/fr\\\/#organization\"},\"potentialAction\":[{\"@type\":\"SearchAction\",\"target\":{\"@type\":\"EntryPoint\",\"urlTemplate\":\"https:\\\/\\\/togetherottawaensemble.ca\\\/fr\\\/?s={search_term_string}\"},\"query-input\":{\"@type\":\"PropertyValueSpecification\",\"valueRequired\":true,\"valueName\":\"search_term_string\"}}],\"inLanguage\":\"fr-FR\"},{\"@type\":\"Organization\",\"@id\":\"https:\\\/\\\/togetherottawaensemble.ca\\\/fr\\\/#organization\",\"name\":\"Together Ottawa Ensemble\",\"url\":\"https:\\\/\\\/togetherottawaensemble.ca\\\/fr\\\/\",\"logo\":{\"@type\":\"ImageObject\",\"inLanguage\":\"fr-FR\",\"@id\":\"https:\\\/\\\/togetherottawaensemble.ca\\\/fr\\\/#\\\/schema\\\/logo\\\/image\\\/\",\"url\":\"https:\\\/\\\/togetherottawaensemble.ca\\\/wp-content\\\/uploads\\\/2022\\\/04\\\/Logo_TogetherOttawaEnsemble_RGB.jpg\",\"contentUrl\":\"https:\\\/\\\/togetherottawaensemble.ca\\\/wp-content\\\/uploads\\\/2022\\\/04\\\/Logo_TogetherOttawaEnsemble_RGB.jpg\",\"width\":400,\"height\":200,\"caption\":\"Together Ottawa Ensemble\"},\"image\":{\"@id\":\"https:\\\/\\\/togetherottawaensemble.ca\\\/fr\\\/#\\\/schema\\\/logo\\\/image\\\/\"},\"sameAs\":[\"https:\\\/\\\/www.facebook.com\\\/Togetherottawaensemble-106424122008194\",\"https:\\\/\\\/x.com\\\/OttawaEnsemble\",\"https:\\\/\\\/www.instagram.com\\\/togetherottawaensemble\\\/\"]},{\"@type\":\"Person\",\"@id\":\"https:\\\/\\\/togetherottawaensemble.ca\\\/fr\\\/#\\\/schema\\\/person\\\/08e288458dce8b0f98e09ccba461cfd8\",\"name\":\"DevAdmin\",\"image\":{\"@type\":\"ImageObject\",\"inLanguage\":\"fr-FR\",\"@id\":\"https:\\\/\\\/secure.gravatar.com\\\/avatar\\\/b5a3f00146bed8289e47f0f7c4046f6fdaf86a0ac73ad89e509b94d921b75b54?s=96&d=mm&r=g\",\"url\":\"https:\\\/\\\/secure.gravatar.com\\\/avatar\\\/b5a3f00146bed8289e47f0f7c4046f6fdaf86a0ac73ad89e509b94d921b75b54?s=96&d=mm&r=g\",\"contentUrl\":\"https:\\\/\\\/secure.gravatar.com\\\/avatar\\\/b5a3f00146bed8289e47f0f7c4046f6fdaf86a0ac73ad89e509b94d921b75b54?s=96&d=mm&r=g\",\"caption\":\"DevAdmin\"},\"url\":\"https:\\\/\\\/togetherottawaensemble.ca\\\/fr\\\/author\\\/devadmin\\\/\"}]}<\/script>\n<!-- \/ Yoast SEO plugin. -->","yoast_head_json":{"title":"Annonce de Together Ottawa Ensemble! - Together Ottawa Ensemble","robots":{"index":"index","follow":"follow","max-snippet":"max-snippet:-1","max-image-preview":"max-image-preview:large","max-video-preview":"max-video-preview:-1"},"canonical":"https:\/\/togetherottawaensemble.ca\/fr\/annonce-de-together-ottawa-ensemble\/","og_locale":"fr_FR","og_type":"article","og_title":"Annonce de Together Ottawa Ensemble! - Together Ottawa Ensemble","og_url":"https:\/\/togetherottawaensemble.ca\/fr\/annonce-de-together-ottawa-ensemble\/","og_site_name":"Together Ottawa Ensemble","article_publisher":"https:\/\/www.facebook.com\/Togetherottawaensemble-106424122008194","article_published_time":"2022-04-07T18:55:39+00:00","article_modified_time":"2022-05-27T19:11:22+00:00","author":"DevAdmin","twitter_card":"summary_large_image","twitter_creator":"@OttawaEnsemble","twitter_site":"@OttawaEnsemble","twitter_misc":{"\u00c9crit par":"DevAdmin","Dur\u00e9e de lecture estim\u00e9e":"1 minute"},"schema":{"@context":"https:\/\/schema.org","@graph":[{"@type":"Article","@id":"https:\/\/togetherottawaensemble.ca\/fr\/annonce-de-together-ottawa-ensemble\/#article","isPartOf":{"@id":"https:\/\/togetherottawaensemble.ca\/fr\/annonce-de-together-ottawa-ensemble\/"},"author":{"name":"DevAdmin","@id":"https:\/\/togetherottawaensemble.ca\/fr\/#\/schema\/person\/08e288458dce8b0f98e09ccba461cfd8"},"headline":"Annonce de Together Ottawa Ensemble!","datePublished":"2022-04-07T18:55:39+00:00","dateModified":"2022-05-27T19:11:22+00:00","mainEntityOfPage":{"@id":"https:\/\/togetherottawaensemble.ca\/fr\/annonce-de-together-ottawa-ensemble\/"},"wordCount":533,"commentCount":0,"publisher":{"@id":"https:\/\/togetherottawaensemble.ca\/fr\/#organization"},"image":{"@id":"https:\/\/togetherottawaensemble.ca\/fr\/annonce-de-together-ottawa-ensemble\/#primaryimage"},"thumbnailUrl":"https:\/\/togetherottawaensemble.ca\/wp-content\/uploads\/2022\/01\/istockphoto-1310718609-2048x2048-edit2.png","articleSection":["Annonces"],"inLanguage":"fr-FR","potentialAction":[{"@type":"CommentAction","name":"Comment","target":["https:\/\/togetherottawaensemble.ca\/fr\/annonce-de-together-ottawa-ensemble\/#respond"]}]},{"@type":"WebPage","@id":"https:\/\/togetherottawaensemble.ca\/fr\/annonce-de-together-ottawa-ensemble\/","url":"https:\/\/togetherottawaensemble.ca\/fr\/annonce-de-together-ottawa-ensemble\/","name":"Annonce de Together Ottawa Ensemble! - Together Ottawa Ensemble","isPartOf":{"@id":"https:\/\/togetherottawaensemble.ca\/fr\/#website"},"primaryImageOfPage":{"@id":"https:\/\/togetherottawaensemble.ca\/fr\/annonce-de-together-ottawa-ensemble\/#primaryimage"},"image":{"@id":"https:\/\/togetherottawaensemble.ca\/fr\/annonce-de-together-ottawa-ensemble\/#primaryimage"},"thumbnailUrl":"https:\/\/togetherottawaensemble.ca\/wp-content\/uploads\/2022\/01\/istockphoto-1310718609-2048x2048-edit2.png","datePublished":"2022-04-07T18:55:39+00:00","dateModified":"2022-05-27T19:11:22+00:00","breadcrumb":{"@id":"https:\/\/togetherottawaensemble.ca\/fr\/annonce-de-together-ottawa-ensemble\/#breadcrumb"},"inLanguage":"fr-FR","potentialAction":[{"@type":"ReadAction","target":["https:\/\/togetherottawaensemble.ca\/fr\/annonce-de-together-ottawa-ensemble\/"]}]},{"@type":"ImageObject","inLanguage":"fr-FR","@id":"https:\/\/togetherottawaensemble.ca\/fr\/annonce-de-together-ottawa-ensemble\/#primaryimage","url":"https:\/\/togetherottawaensemble.ca\/wp-content\/uploads\/2022\/01\/istockphoto-1310718609-2048x2048-edit2.png","contentUrl":"https:\/\/togetherottawaensemble.ca\/wp-content\/uploads\/2022\/01\/istockphoto-1310718609-2048x2048-edit2.png","width":1460,"height":1314},{"@type":"BreadcrumbList","@id":"https:\/\/togetherottawaensemble.ca\/fr\/annonce-de-together-ottawa-ensemble\/#breadcrumb","itemListElement":[{"@type":"ListItem","position":1,"name":"Home","item":"https:\/\/togetherottawaensemble.ca\/fr\/"},{"@type":"ListItem","position":2,"name":"Annonce de Together Ottawa Ensemble!"}]},{"@type":"WebSite","@id":"https:\/\/togetherottawaensemble.ca\/fr\/#website","url":"https:\/\/togetherottawaensemble.ca\/fr\/","name":"Together Ottawa Ensemble","description":"R\u00e9tablir nos liens communautaires","publisher":{"@id":"https:\/\/togetherottawaensemble.ca\/fr\/#organization"},"potentialAction":[{"@type":"SearchAction","target":{"@type":"EntryPoint","urlTemplate":"https:\/\/togetherottawaensemble.ca\/fr\/?s={search_term_string}"},"query-input":{"@type":"PropertyValueSpecification","valueRequired":true,"valueName":"search_term_string"}}],"inLanguage":"fr-FR"},{"@type":"Organization","@id":"https:\/\/togetherottawaensemble.ca\/fr\/#organization","name":"Together Ottawa Ensemble","url":"https:\/\/togetherottawaensemble.ca\/fr\/","logo":{"@type":"ImageObject","inLanguage":"fr-FR","@id":"https:\/\/togetherottawaensemble.ca\/fr\/#\/schema\/logo\/image\/","url":"https:\/\/togetherottawaensemble.ca\/wp-content\/uploads\/2022\/04\/Logo_TogetherOttawaEnsemble_RGB.jpg","contentUrl":"https:\/\/togetherottawaensemble.ca\/wp-content\/uploads\/2022\/04\/Logo_TogetherOttawaEnsemble_RGB.jpg","width":400,"height":200,"caption":"Together Ottawa Ensemble"},"image":{"@id":"https:\/\/togetherottawaensemble.ca\/fr\/#\/schema\/logo\/image\/"},"sameAs":["https:\/\/www.facebook.com\/Togetherottawaensemble-106424122008194","https:\/\/x.com\/OttawaEnsemble","https:\/\/www.instagram.com\/togetherottawaensemble\/"]},{"@type":"Person","@id":"https:\/\/togetherottawaensemble.ca\/fr\/#\/schema\/person\/08e288458dce8b0f98e09ccba461cfd8","name":"DevAdmin","image":{"@type":"ImageObject","inLanguage":"fr-FR","@id":"https:\/\/secure.gravatar.com\/avatar\/b5a3f00146bed8289e47f0f7c4046f6fdaf86a0ac73ad89e509b94d921b75b54?s=96&d=mm&r=g","url":"https:\/\/secure.gravatar.com\/avatar\/b5a3f00146bed8289e47f0f7c4046f6fdaf86a0ac73ad89e509b94d921b75b54?s=96&d=mm&r=g","contentUrl":"https:\/\/secure.gravatar.com\/avatar\/b5a3f00146bed8289e47f0f7c4046f6fdaf86a0ac73ad89e509b94d921b75b54?s=96&d=mm&r=g","caption":"DevAdmin"},"url":"https:\/\/togetherottawaensemble.ca\/fr\/author\/devadmin\/"}]}},"_links":{"self":[{"href":"https:\/\/togetherottawaensemble.ca\/fr\/wp-json\/wp\/v2\/posts\/628","targetHints":{"allow":["GET"]}}],"collection":[{"href":"https:\/\/togetherottawaensemble.ca\/fr\/wp-json\/wp\/v2\/posts"}],"about":[{"href":"https:\/\/togetherottawaensemble.ca\/fr\/wp-json\/wp\/v2\/types\/post"}],"author":[{"embeddable":true,"href":"https:\/\/togetherottawaensemble.ca\/fr\/wp-json\/wp\/v2\/users\/2"}],"replies":[{"embeddable":true,"href":"https:\/\/togetherottawaensemble.ca\/fr\/wp-json\/wp\/v2\/comments?post=628"}],"version-history":[{"count":3,"href":"https:\/\/togetherottawaensemble.ca\/fr\/wp-json\/wp\/v2\/posts\/628\/revisions"}],"predecessor-version":[{"id":925,"href":"https:\/\/togetherottawaensemble.ca\/fr\/wp-json\/wp\/v2\/posts\/628\/revisions\/925"}],"wp:featuredmedia":[{"embeddable":true,"href":"https:\/\/togetherottawaensemble.ca\/fr\/wp-json\/wp\/v2\/media\/199"}],"wp:attachment":[{"href":"https:\/\/togetherottawaensemble.ca\/fr\/wp-json\/wp\/v2\/media?parent=628"}],"wp:term":[{"taxonomy":"category","embeddable":true,"href":"https:\/\/togetherottawaensemble.ca\/fr\/wp-json\/wp\/v2\/categories?post=628"},{"taxonomy":"post_tag","embeddable":true,"href":"https:\/\/togetherottawaensemble.ca\/fr\/wp-json\/wp\/v2\/tags?post=628"}],"curies":[{"name":"wp","href":"https:\/\/api.w.org\/{rel}","templated":true}]}}