{"id":968,"date":"2022-05-30T13:58:26","date_gmt":"2022-05-30T17:58:26","guid":{"rendered":"https:\/\/togetherottawaensemble.ca\/?p=968"},"modified":"2022-05-30T14:00:24","modified_gmt":"2022-05-30T18:00:24","slug":"cest-bientot-lheure-de-together-ottawa-ensemble","status":"publish","type":"post","link":"https:\/\/togetherottawaensemble.ca\/fr\/cest-bientot-lheure-de-together-ottawa-ensemble\/","title":{"rendered":"C&rsquo;est bient\u00f4t l&rsquo;heure de Together Ottawa Ensemble"},"content":{"rendered":"<p><em>Together Ottawa Ensemble<\/em>\u00a0approche \u00e0 grands pas ! Vous avez encore le temps de planifier et de soumettre un \u00e9v\u00e9nement !<\/p>\n<p>Entre\u00a0<strong>le samedi 11 juin et le dimanche 26 juin 2022<\/strong>, les r\u00e9sidents et r\u00e9sidentes d\u2019Ottawa sont invit\u00e9s \u00e0 organiser des activit\u00e9s de tout genre, petites ou grandes, pour notre communaut\u00e9, comme un repas-partage, du breakdance, un spectacle de drag sur une terrasse, un atelier de cr\u00e9ation artistique en ligne, ou une veill\u00e9e interconfessionnelle en l\u2019honneur de ceux que nous avons perdus. Il peut m\u00eame s&rsquo;agir d&rsquo;un petit \u00e9v\u00e9nement avec un club de lecture ou des voisins !<\/p>\n<p>De nombreux \u00e9v\u00e9nements passionnants ont d\u00e9j\u00e0 \u00e9t\u00e9 soumis au\u00a0<a href=\"https:\/\/togetherottawaensemble.ca\/fr\/evenements\/\" target=\"_blank\" rel=\"noopener\">calendrier des \u00e9v\u00e9nements de Together Ottawa Ensemble<\/a>. Nous sommes tr\u00e8s inspir\u00e9s par la cr\u00e9ativit\u00e9 et l&rsquo;engagement que nous constatons chez les groupes et les individus qui planifient des activit\u00e9s qui permettent aux membres de leurs communaut\u00e9s de se souvenir, de remercier, de r\u00e9fl\u00e9chir et d&rsquo;imaginer.<\/p>\n<p>Planifiez votre activit\u00e9 pour qu\u2019elle ait lieu entre le samedi 11 juin et le dimanche 26 juin 2022. Ajoutez-la au\u00a0<a href=\"https:\/\/togetherottawaensemble.ca\/fr\/\" target=\"_blank\" rel=\"noopener\">site Web<\/a>\u00a0pour inviter notre ville ou seulement votre communaut\u00e9.<\/p>\n<p>Aidez-nous \u00e0 susciter l\u2019enthousiasme ! Faites passer le mot par l\u2019entremise de vos listes de courriels, des m\u00e9dias sociaux, des groupes communautaires et plus encore. Suivez-nous et marquez-nous sur :\u00a0<a href=\"https:\/\/www.facebook.com\/TogetherOttawaEnsemble\" target=\"_blank\" rel=\"noopener\">Facebook @TogetherOttawaEnsemble<\/a>,\u00a0<a href=\"https:\/\/www.instagram.com\/togetherottawaensemble\/\" target=\"_blank\" rel=\"noopener\">Instagram @TogetherOttawaEnsemble<\/a>, et\u00a0<a href=\"https:\/\/twitter.com\/TogetherOttawa\" target=\"_blank\" rel=\"noopener\">Twitter @TogetherOttawa<\/a>\u00a0et utilisez le mot-clic #TOE2022 afin que nous puissions voir et partager votre promotion pr\u00e9alable de l\u2019activit\u00e9 et des photos pendant qu\u2019elle a lieu.<\/p>\n","protected":false},"excerpt":{"rendered":"<p>Together Ottawa Ensemble\u00a0approche \u00e0 grands pas ! Vous avez encore [&hellip;]<\/p>\n","protected":false},"author":4,"featured_media":315,"comment_status":"open","ping_status":"closed","sticky":false,"template":"","format":"standard","meta":{"footnotes":""},"categories":[29,1],"tags":[],"class_list":["post-968","post","type-post","status-publish","format-standard","has-post-thumbnail","hentry","category-annonces","category-uncategorized"],"acf":[],"yoast_head":"<!-- This site is optimized with the Yoast SEO plugin v27.5 - https:\/\/yoast.com\/product\/yoast-seo-wordpress\/ -->\n<title>C&#039;est bient\u00f4t l&#039;heure de Together Ottawa Ensemble - Together Ottawa Ensemble<\/title>\n<meta name=\"robots\" content=\"index, follow, max-snippet:-1, max-image-preview:large, max-video-preview:-1\" \/>\n<link rel=\"canonical\" href=\"https:\/\/togetherottawaensemble.ca\/fr\/cest-bientot-lheure-de-together-ottawa-ensemble\/\" \/>\n<meta property=\"og:locale\" content=\"fr_FR\" \/>\n<meta property=\"og:type\" content=\"article\" \/>\n<meta property=\"og:title\" content=\"C&#039;est bient\u00f4t l&#039;heure de Together Ottawa Ensemble - Together Ottawa Ensemble\" \/>\n<meta property=\"og:description\" content=\"Together Ottawa Ensemble\u00a0approche \u00e0 grands pas ! Vous avez encore [&hellip;]\" \/>\n<meta property=\"og:url\" content=\"https:\/\/togetherottawaensemble.ca\/fr\/cest-bientot-lheure-de-together-ottawa-ensemble\/\" \/>\n<meta property=\"og:site_name\" content=\"Together Ottawa Ensemble\" \/>\n<meta property=\"article:publisher\" content=\"https:\/\/www.facebook.com\/Togetherottawaensemble-106424122008194\" \/>\n<meta property=\"article:published_time\" content=\"2022-05-30T17:58:26+00:00\" \/>\n<meta property=\"article:modified_time\" content=\"2022-05-30T18:00:24+00:00\" \/>\n<meta property=\"og:image\" content=\"https:\/\/togetherottawaensemble.ca\/wp-content\/uploads\/2022\/01\/friends-group.png\" \/>\n\t<meta property=\"og:image:width\" content=\"2048\" \/>\n\t<meta property=\"og:image:height\" content=\"1365\" \/>\n\t<meta property=\"og:image:type\" content=\"image\/png\" \/>\n<meta name=\"author\" content=\"Paula Campbell\" \/>\n<meta name=\"twitter:card\" content=\"summary_large_image\" \/>\n<meta name=\"twitter:creator\" content=\"@OttawaEnsemble\" \/>\n<meta name=\"twitter:site\" content=\"@OttawaEnsemble\" \/>\n<meta name=\"twitter:label1\" content=\"\u00c9crit par\" \/>\n\t<meta name=\"twitter:data1\" content=\"Paula Campbell\" \/>\n\t<meta name=\"twitter:label2\" content=\"Dur\u00e9e de lecture estim\u00e9e\" \/>\n\t<meta name=\"twitter:data2\" content=\"2 minutes\" \/>\n<script type=\"application\/ld+json\" class=\"yoast-schema-graph\">{\"@context\":\"https:\\\/\\\/schema.org\",\"@graph\":[{\"@type\":\"Article\",\"@id\":\"https:\\\/\\\/togetherottawaensemble.ca\\\/fr\\\/cest-bientot-lheure-de-together-ottawa-ensemble\\\/#article\",\"isPartOf\":{\"@id\":\"https:\\\/\\\/togetherottawaensemble.ca\\\/fr\\\/cest-bientot-lheure-de-together-ottawa-ensemble\\\/\"},\"author\":{\"name\":\"Paula Campbell\",\"@id\":\"https:\\\/\\\/togetherottawaensemble.ca\\\/fr\\\/#\\\/schema\\\/person\\\/d1ef5cd652fbcb4788582aa35aab5c10\"},\"headline\":\"C&rsquo;est bient\u00f4t l&rsquo;heure de Together Ottawa Ensemble\",\"datePublished\":\"2022-05-30T17:58:26+00:00\",\"dateModified\":\"2022-05-30T18:00:24+00:00\",\"mainEntityOfPage\":{\"@id\":\"https:\\\/\\\/togetherottawaensemble.ca\\\/fr\\\/cest-bientot-lheure-de-together-ottawa-ensemble\\\/\"},\"wordCount\":266,\"commentCount\":0,\"publisher\":{\"@id\":\"https:\\\/\\\/togetherottawaensemble.ca\\\/fr\\\/#organization\"},\"image\":{\"@id\":\"https:\\\/\\\/togetherottawaensemble.ca\\\/fr\\\/cest-bientot-lheure-de-together-ottawa-ensemble\\\/#primaryimage\"},\"thumbnailUrl\":\"https:\\\/\\\/togetherottawaensemble.ca\\\/wp-content\\\/uploads\\\/2022\\\/01\\\/friends-group.png\",\"articleSection\":[\"Annonces\",\"Uncategorized\"],\"inLanguage\":\"fr-FR\",\"potentialAction\":[{\"@type\":\"CommentAction\",\"name\":\"Comment\",\"target\":[\"https:\\\/\\\/togetherottawaensemble.ca\\\/fr\\\/cest-bientot-lheure-de-together-ottawa-ensemble\\\/#respond\"]}]},{\"@type\":\"WebPage\",\"@id\":\"https:\\\/\\\/togetherottawaensemble.ca\\\/fr\\\/cest-bientot-lheure-de-together-ottawa-ensemble\\\/\",\"url\":\"https:\\\/\\\/togetherottawaensemble.ca\\\/fr\\\/cest-bientot-lheure-de-together-ottawa-ensemble\\\/\",\"name\":\"C'est bient\u00f4t l'heure de Together Ottawa Ensemble - Together Ottawa Ensemble\",\"isPartOf\":{\"@id\":\"https:\\\/\\\/togetherottawaensemble.ca\\\/fr\\\/#website\"},\"primaryImageOfPage\":{\"@id\":\"https:\\\/\\\/togetherottawaensemble.ca\\\/fr\\\/cest-bientot-lheure-de-together-ottawa-ensemble\\\/#primaryimage\"},\"image\":{\"@id\":\"https:\\\/\\\/togetherottawaensemble.ca\\\/fr\\\/cest-bientot-lheure-de-together-ottawa-ensemble\\\/#primaryimage\"},\"thumbnailUrl\":\"https:\\\/\\\/togetherottawaensemble.ca\\\/wp-content\\\/uploads\\\/2022\\\/01\\\/friends-group.png\",\"datePublished\":\"2022-05-30T17:58:26+00:00\",\"dateModified\":\"2022-05-30T18:00:24+00:00\",\"breadcrumb\":{\"@id\":\"https:\\\/\\\/togetherottawaensemble.ca\\\/fr\\\/cest-bientot-lheure-de-together-ottawa-ensemble\\\/#breadcrumb\"},\"inLanguage\":\"fr-FR\",\"potentialAction\":[{\"@type\":\"ReadAction\",\"target\":[\"https:\\\/\\\/togetherottawaensemble.ca\\\/fr\\\/cest-bientot-lheure-de-together-ottawa-ensemble\\\/\"]}]},{\"@type\":\"ImageObject\",\"inLanguage\":\"fr-FR\",\"@id\":\"https:\\\/\\\/togetherottawaensemble.ca\\\/fr\\\/cest-bientot-lheure-de-together-ottawa-ensemble\\\/#primaryimage\",\"url\":\"https:\\\/\\\/togetherottawaensemble.ca\\\/wp-content\\\/uploads\\\/2022\\\/01\\\/friends-group.png\",\"contentUrl\":\"https:\\\/\\\/togetherottawaensemble.ca\\\/wp-content\\\/uploads\\\/2022\\\/01\\\/friends-group.png\",\"width\":2048,\"height\":1365},{\"@type\":\"BreadcrumbList\",\"@id\":\"https:\\\/\\\/togetherottawaensemble.ca\\\/fr\\\/cest-bientot-lheure-de-together-ottawa-ensemble\\\/#breadcrumb\",\"itemListElement\":[{\"@type\":\"ListItem\",\"position\":1,\"name\":\"Home\",\"item\":\"https:\\\/\\\/togetherottawaensemble.ca\\\/fr\\\/\"},{\"@type\":\"ListItem\",\"position\":2,\"name\":\"C&#8217;est bient\u00f4t l&#8217;heure de Together Ottawa Ensemble\"}]},{\"@type\":\"WebSite\",\"@id\":\"https:\\\/\\\/togetherottawaensemble.ca\\\/fr\\\/#website\",\"url\":\"https:\\\/\\\/togetherottawaensemble.ca\\\/fr\\\/\",\"name\":\"Together Ottawa Ensemble\",\"description\":\"R\u00e9tablir nos liens communautaires\",\"publisher\":{\"@id\":\"https:\\\/\\\/togetherottawaensemble.ca\\\/fr\\\/#organization\"},\"potentialAction\":[{\"@type\":\"SearchAction\",\"target\":{\"@type\":\"EntryPoint\",\"urlTemplate\":\"https:\\\/\\\/togetherottawaensemble.ca\\\/fr\\\/?s={search_term_string}\"},\"query-input\":{\"@type\":\"PropertyValueSpecification\",\"valueRequired\":true,\"valueName\":\"search_term_string\"}}],\"inLanguage\":\"fr-FR\"},{\"@type\":\"Organization\",\"@id\":\"https:\\\/\\\/togetherottawaensemble.ca\\\/fr\\\/#organization\",\"name\":\"Together Ottawa Ensemble\",\"url\":\"https:\\\/\\\/togetherottawaensemble.ca\\\/fr\\\/\",\"logo\":{\"@type\":\"ImageObject\",\"inLanguage\":\"fr-FR\",\"@id\":\"https:\\\/\\\/togetherottawaensemble.ca\\\/fr\\\/#\\\/schema\\\/logo\\\/image\\\/\",\"url\":\"https:\\\/\\\/togetherottawaensemble.ca\\\/wp-content\\\/uploads\\\/2022\\\/04\\\/Logo_TogetherOttawaEnsemble_RGB.jpg\",\"contentUrl\":\"https:\\\/\\\/togetherottawaensemble.ca\\\/wp-content\\\/uploads\\\/2022\\\/04\\\/Logo_TogetherOttawaEnsemble_RGB.jpg\",\"width\":400,\"height\":200,\"caption\":\"Together Ottawa Ensemble\"},\"image\":{\"@id\":\"https:\\\/\\\/togetherottawaensemble.ca\\\/fr\\\/#\\\/schema\\\/logo\\\/image\\\/\"},\"sameAs\":[\"https:\\\/\\\/www.facebook.com\\\/Togetherottawaensemble-106424122008194\",\"https:\\\/\\\/x.com\\\/OttawaEnsemble\",\"https:\\\/\\\/www.instagram.com\\\/togetherottawaensemble\\\/\"]},{\"@type\":\"Person\",\"@id\":\"https:\\\/\\\/togetherottawaensemble.ca\\\/fr\\\/#\\\/schema\\\/person\\\/d1ef5cd652fbcb4788582aa35aab5c10\",\"name\":\"Paula Campbell\",\"image\":{\"@type\":\"ImageObject\",\"inLanguage\":\"fr-FR\",\"@id\":\"https:\\\/\\\/secure.gravatar.com\\\/avatar\\\/8197e0191dc7193222ed04034ab75f0aeb45ff54ec6f2397bdfef513e7a0d0dd?s=96&d=mm&r=g\",\"url\":\"https:\\\/\\\/secure.gravatar.com\\\/avatar\\\/8197e0191dc7193222ed04034ab75f0aeb45ff54ec6f2397bdfef513e7a0d0dd?s=96&d=mm&r=g\",\"contentUrl\":\"https:\\\/\\\/secure.gravatar.com\\\/avatar\\\/8197e0191dc7193222ed04034ab75f0aeb45ff54ec6f2397bdfef513e7a0d0dd?s=96&d=mm&r=g\",\"caption\":\"Paula Campbell\"},\"url\":\"https:\\\/\\\/togetherottawaensemble.ca\\\/fr\\\/author\\\/paula\\\/\"}]}<\/script>\n<!-- \/ Yoast SEO plugin. -->","yoast_head_json":{"title":"C'est bient\u00f4t l'heure de Together Ottawa Ensemble - Together Ottawa Ensemble","robots":{"index":"index","follow":"follow","max-snippet":"max-snippet:-1","max-image-preview":"max-image-preview:large","max-video-preview":"max-video-preview:-1"},"canonical":"https:\/\/togetherottawaensemble.ca\/fr\/cest-bientot-lheure-de-together-ottawa-ensemble\/","og_locale":"fr_FR","og_type":"article","og_title":"C'est bient\u00f4t l'heure de Together Ottawa Ensemble - Together Ottawa Ensemble","og_description":"Together Ottawa Ensemble\u00a0approche \u00e0 grands pas ! Vous avez encore [&hellip;]","og_url":"https:\/\/togetherottawaensemble.ca\/fr\/cest-bientot-lheure-de-together-ottawa-ensemble\/","og_site_name":"Together Ottawa Ensemble","article_publisher":"https:\/\/www.facebook.com\/Togetherottawaensemble-106424122008194","article_published_time":"2022-05-30T17:58:26+00:00","article_modified_time":"2022-05-30T18:00:24+00:00","og_image":[{"width":2048,"height":1365,"url":"https:\/\/togetherottawaensemble.ca\/wp-content\/uploads\/2022\/01\/friends-group.png","type":"image\/png"}],"author":"Paula Campbell","twitter_card":"summary_large_image","twitter_creator":"@OttawaEnsemble","twitter_site":"@OttawaEnsemble","twitter_misc":{"\u00c9crit par":"Paula Campbell","Dur\u00e9e de lecture estim\u00e9e":"2 minutes"},"schema":{"@context":"https:\/\/schema.org","@graph":[{"@type":"Article","@id":"https:\/\/togetherottawaensemble.ca\/fr\/cest-bientot-lheure-de-together-ottawa-ensemble\/#article","isPartOf":{"@id":"https:\/\/togetherottawaensemble.ca\/fr\/cest-bientot-lheure-de-together-ottawa-ensemble\/"},"author":{"name":"Paula Campbell","@id":"https:\/\/togetherottawaensemble.ca\/fr\/#\/schema\/person\/d1ef5cd652fbcb4788582aa35aab5c10"},"headline":"C&rsquo;est bient\u00f4t l&rsquo;heure de Together Ottawa Ensemble","datePublished":"2022-05-30T17:58:26+00:00","dateModified":"2022-05-30T18:00:24+00:00","mainEntityOfPage":{"@id":"https:\/\/togetherottawaensemble.ca\/fr\/cest-bientot-lheure-de-together-ottawa-ensemble\/"},"wordCount":266,"commentCount":0,"publisher":{"@id":"https:\/\/togetherottawaensemble.ca\/fr\/#organization"},"image":{"@id":"https:\/\/togetherottawaensemble.ca\/fr\/cest-bientot-lheure-de-together-ottawa-ensemble\/#primaryimage"},"thumbnailUrl":"https:\/\/togetherottawaensemble.ca\/wp-content\/uploads\/2022\/01\/friends-group.png","articleSection":["Annonces","Uncategorized"],"inLanguage":"fr-FR","potentialAction":[{"@type":"CommentAction","name":"Comment","target":["https:\/\/togetherottawaensemble.ca\/fr\/cest-bientot-lheure-de-together-ottawa-ensemble\/#respond"]}]},{"@type":"WebPage","@id":"https:\/\/togetherottawaensemble.ca\/fr\/cest-bientot-lheure-de-together-ottawa-ensemble\/","url":"https:\/\/togetherottawaensemble.ca\/fr\/cest-bientot-lheure-de-together-ottawa-ensemble\/","name":"C'est bient\u00f4t l'heure de Together Ottawa Ensemble - Together Ottawa Ensemble","isPartOf":{"@id":"https:\/\/togetherottawaensemble.ca\/fr\/#website"},"primaryImageOfPage":{"@id":"https:\/\/togetherottawaensemble.ca\/fr\/cest-bientot-lheure-de-together-ottawa-ensemble\/#primaryimage"},"image":{"@id":"https:\/\/togetherottawaensemble.ca\/fr\/cest-bientot-lheure-de-together-ottawa-ensemble\/#primaryimage"},"thumbnailUrl":"https:\/\/togetherottawaensemble.ca\/wp-content\/uploads\/2022\/01\/friends-group.png","datePublished":"2022-05-30T17:58:26+00:00","dateModified":"2022-05-30T18:00:24+00:00","breadcrumb":{"@id":"https:\/\/togetherottawaensemble.ca\/fr\/cest-bientot-lheure-de-together-ottawa-ensemble\/#breadcrumb"},"inLanguage":"fr-FR","potentialAction":[{"@type":"ReadAction","target":["https:\/\/togetherottawaensemble.ca\/fr\/cest-bientot-lheure-de-together-ottawa-ensemble\/"]}]},{"@type":"ImageObject","inLanguage":"fr-FR","@id":"https:\/\/togetherottawaensemble.ca\/fr\/cest-bientot-lheure-de-together-ottawa-ensemble\/#primaryimage","url":"https:\/\/togetherottawaensemble.ca\/wp-content\/uploads\/2022\/01\/friends-group.png","contentUrl":"https:\/\/togetherottawaensemble.ca\/wp-content\/uploads\/2022\/01\/friends-group.png","width":2048,"height":1365},{"@type":"BreadcrumbList","@id":"https:\/\/togetherottawaensemble.ca\/fr\/cest-bientot-lheure-de-together-ottawa-ensemble\/#breadcrumb","itemListElement":[{"@type":"ListItem","position":1,"name":"Home","item":"https:\/\/togetherottawaensemble.ca\/fr\/"},{"@type":"ListItem","position":2,"name":"C&#8217;est bient\u00f4t l&#8217;heure de Together Ottawa Ensemble"}]},{"@type":"WebSite","@id":"https:\/\/togetherottawaensemble.ca\/fr\/#website","url":"https:\/\/togetherottawaensemble.ca\/fr\/","name":"Together Ottawa Ensemble","description":"R\u00e9tablir nos liens communautaires","publisher":{"@id":"https:\/\/togetherottawaensemble.ca\/fr\/#organization"},"potentialAction":[{"@type":"SearchAction","target":{"@type":"EntryPoint","urlTemplate":"https:\/\/togetherottawaensemble.ca\/fr\/?s={search_term_string}"},"query-input":{"@type":"PropertyValueSpecification","valueRequired":true,"valueName":"search_term_string"}}],"inLanguage":"fr-FR"},{"@type":"Organization","@id":"https:\/\/togetherottawaensemble.ca\/fr\/#organization","name":"Together Ottawa Ensemble","url":"https:\/\/togetherottawaensemble.ca\/fr\/","logo":{"@type":"ImageObject","inLanguage":"fr-FR","@id":"https:\/\/togetherottawaensemble.ca\/fr\/#\/schema\/logo\/image\/","url":"https:\/\/togetherottawaensemble.ca\/wp-content\/uploads\/2022\/04\/Logo_TogetherOttawaEnsemble_RGB.jpg","contentUrl":"https:\/\/togetherottawaensemble.ca\/wp-content\/uploads\/2022\/04\/Logo_TogetherOttawaEnsemble_RGB.jpg","width":400,"height":200,"caption":"Together Ottawa Ensemble"},"image":{"@id":"https:\/\/togetherottawaensemble.ca\/fr\/#\/schema\/logo\/image\/"},"sameAs":["https:\/\/www.facebook.com\/Togetherottawaensemble-106424122008194","https:\/\/x.com\/OttawaEnsemble","https:\/\/www.instagram.com\/togetherottawaensemble\/"]},{"@type":"Person","@id":"https:\/\/togetherottawaensemble.ca\/fr\/#\/schema\/person\/d1ef5cd652fbcb4788582aa35aab5c10","name":"Paula Campbell","image":{"@type":"ImageObject","inLanguage":"fr-FR","@id":"https:\/\/secure.gravatar.com\/avatar\/8197e0191dc7193222ed04034ab75f0aeb45ff54ec6f2397bdfef513e7a0d0dd?s=96&d=mm&r=g","url":"https:\/\/secure.gravatar.com\/avatar\/8197e0191dc7193222ed04034ab75f0aeb45ff54ec6f2397bdfef513e7a0d0dd?s=96&d=mm&r=g","contentUrl":"https:\/\/secure.gravatar.com\/avatar\/8197e0191dc7193222ed04034ab75f0aeb45ff54ec6f2397bdfef513e7a0d0dd?s=96&d=mm&r=g","caption":"Paula Campbell"},"url":"https:\/\/togetherottawaensemble.ca\/fr\/author\/paula\/"}]}},"_links":{"self":[{"href":"https:\/\/togetherottawaensemble.ca\/fr\/wp-json\/wp\/v2\/posts\/968","targetHints":{"allow":["GET"]}}],"collection":[{"href":"https:\/\/togetherottawaensemble.ca\/fr\/wp-json\/wp\/v2\/posts"}],"about":[{"href":"https:\/\/togetherottawaensemble.ca\/fr\/wp-json\/wp\/v2\/types\/post"}],"author":[{"embeddable":true,"href":"https:\/\/togetherottawaensemble.ca\/fr\/wp-json\/wp\/v2\/users\/4"}],"replies":[{"embeddable":true,"href":"https:\/\/togetherottawaensemble.ca\/fr\/wp-json\/wp\/v2\/comments?post=968"}],"version-history":[{"count":1,"href":"https:\/\/togetherottawaensemble.ca\/fr\/wp-json\/wp\/v2\/posts\/968\/revisions"}],"predecessor-version":[{"id":969,"href":"https:\/\/togetherottawaensemble.ca\/fr\/wp-json\/wp\/v2\/posts\/968\/revisions\/969"}],"wp:featuredmedia":[{"embeddable":true,"href":"https:\/\/togetherottawaensemble.ca\/fr\/wp-json\/wp\/v2\/media\/315"}],"wp:attachment":[{"href":"https:\/\/togetherottawaensemble.ca\/fr\/wp-json\/wp\/v2\/media?parent=968"}],"wp:term":[{"taxonomy":"category","embeddable":true,"href":"https:\/\/togetherottawaensemble.ca\/fr\/wp-json\/wp\/v2\/categories?post=968"},{"taxonomy":"post_tag","embeddable":true,"href":"https:\/\/togetherottawaensemble.ca\/fr\/wp-json\/wp\/v2\/tags?post=968"}],"curies":[{"name":"wp","href":"https:\/\/api.w.org\/{rel}","templated":true}]}}